{"id":3621,"date":"2022-03-05T20:48:02","date_gmt":"2022-03-05T20:48:02","guid":{"rendered":"https:\/\/web.barbarahoeller.at\/salon\/?p=3621"},"modified":"2022-03-05T20:48:02","modified_gmt":"2022-03-05T20:48:02","slug":"infoveranstaltung-am-17-3-2022","status":"publish","type":"post","link":"https:\/\/web.barbarahoeller.at\/salon2\/2022\/03\/05\/infoveranstaltung-am-17-3-2022\/","title":{"rendered":"Infoveranstaltung am 17.3.2022"},"content":{"rendered":"\t\t<div data-elementor-type=\"wp-post\" data-elementor-id=\"3621\" class=\"elementor elementor-3621\">\n\t\t\t\t\t\t<section class=\"elementor-section elementor-top-section elementor-element elementor-element-1b97029 elementor-section-content-top elementor-section-boxed elementor-section-height-default elementor-section-height-default\" data-id=\"1b97029\" data-element_type=\"section\" data-e-type=\"section\" data-settings=\"{&quot;background_background&quot;:&quot;classic&quot;}\">\n\t\t\t\t\t\t<div class=\"elementor-container elementor-column-gap-default\">\n\t\t\t\t\t<div class=\"elementor-column elementor-col-100 elementor-top-column elementor-element elementor-element-6c8c2c8\" data-id=\"6c8c2c8\" data-element_type=\"column\" data-e-type=\"column\">\n\t\t\t<div class=\"elementor-widget-wrap elementor-element-populated\">\n\t\t\t\t\t\t<section class=\"elementor-section elementor-inner-section elementor-element elementor-element-9ac580f elementor-section-full_width elementor-section-height-default elementor-section-height-default\" data-id=\"9ac580f\" data-element_type=\"section\" data-e-type=\"section\">\n\t\t\t\t\t\t<div class=\"elementor-container elementor-column-gap-default\">\n\t\t\t\t\t<div class=\"elementor-column elementor-col-33 elementor-inner-column elementor-element elementor-element-6daa481\" data-id=\"6daa481\" data-element_type=\"column\" data-e-type=\"column\" data-settings=\"{&quot;background_background&quot;:&quot;classic&quot;}\">\n\t\t\t<div class=\"elementor-widget-wrap elementor-element-populated\">\n\t\t\t\t\t\t<div class=\"elementor-element elementor-element-e641677 elementor-widget elementor-widget-text-editor\" data-id=\"e641677\" data-element_type=\"widget\" data-e-type=\"widget\" data-widget_type=\"text-editor.default\">\n\t\t\t\t<div class=\"elementor-widget-container\">\n\t\t\t\t\t\t\t\t\t<div class=\"datetime\"><h4>17.03.2022<br \/>von 9:00 bis 12:00<br \/>bzw Einzeltermine<\/h4><\/div><div class=\"location\"><p><strong>ORT: virtuell \/ und\/oder Lange Gasse 30, 3.OG, 1080 Wien<\/strong><\/p><\/div>\t\t\t\t\t\t\t\t<\/div>\n\t\t\t\t<\/div>\n\t\t\t\t\t<\/div>\n\t\t<\/div>\n\t\t\t\t<div class=\"elementor-column elementor-col-33 elementor-inner-column elementor-element elementor-element-74b1109\" data-id=\"74b1109\" data-element_type=\"column\" data-e-type=\"column\" data-settings=\"{&quot;background_background&quot;:&quot;classic&quot;}\">\n\t\t\t<div class=\"elementor-widget-wrap elementor-element-populated\">\n\t\t\t\t\t\t<div class=\"elementor-element elementor-element-922665b elementor-widget elementor-widget-text-editor\" data-id=\"922665b\" data-element_type=\"widget\" data-e-type=\"widget\" data-widget_type=\"text-editor.default\">\n\t\t\t\t<div class=\"elementor-widget-container\">\n\t\t\t\t\t\t\t\t\t<p>Die n\u00e4chste Infoveranstaltung findet am 17. 03 2022 nach M\u00f6glichkeit virtuell statt. Alternativ dazu, wenn erforderlich aber auch in der Lange Gasse 30, 3 OG., 1080 Wien. Gerne k\u00f6nnen Sie sich aber auch schon telefonisch \u00fcber eine Teilnahme an unserer Kursma\u00dfnahme erkundigen und sich so fr\u00fchzeitig eine Teilnahme an der Infoveranstaltung sichern. Wir freuen uns auf ihren Anruf ! T 01 406 50 33<\/p><p>Mehr zu unserem Kurs:<\/p>\t\t\t\t\t\t\t\t<\/div>\n\t\t\t\t<\/div>\n\t\t\t\t<div class=\"elementor-element elementor-element-fc49823 elementor-widget elementor-widget-text-editor\" data-id=\"fc49823\" data-element_type=\"widget\" data-e-type=\"widget\" data-widget_type=\"text-editor.default\">\n\t\t\t\t<div class=\"elementor-widget-container\">\n\t\t\t\t\t\t\t\t\t<p>Bitte um Beachtung: Die Infoveranstaltung wird unter der Einhaltung der Corona 3 G-Regel durchgef\u00fchrt.<\/p><p>Aufgrund der derzeitigen Covid 19 Ma\u00dfnahmen ist telefonische Terminvereinbarung unbedingt erforderlich.<\/p><p>Telefon 01 406 50 33 <br \/>Wir freuen uns auf Ihren Anruf!<\/p>\t\t\t\t\t\t\t\t<\/div>\n\t\t\t\t<\/div>\n\t\t\t\t\t<\/div>\n\t\t<\/div>\n\t\t\t\t<div class=\"elementor-column elementor-col-33 elementor-inner-column elementor-element elementor-element-c3793fb\" data-id=\"c3793fb\" data-element_type=\"column\" data-e-type=\"column\" data-settings=\"{&quot;background_background&quot;:&quot;classic&quot;}\">\n\t\t\t<div class=\"elementor-widget-wrap elementor-element-populated\">\n\t\t\t\t\t\t<div class=\"elementor-element elementor-element-ed408a8 elementor-widget elementor-widget-text-editor\" data-id=\"ed408a8\" data-element_type=\"widget\" data-e-type=\"widget\" data-widget_type=\"text-editor.default\">\n\t\t\t\t<div class=\"elementor-widget-container\">\n\t\t\t\t\t\t\t\t\t<p>Mehr zu unserem Kurs:<\/p>\t\t\t\t\t\t\t\t<\/div>\n\t\t\t\t<\/div>\n\t\t\t\t<div class=\"elementor-element elementor-element-aba853e elementor-widget elementor-widget-video\" data-id=\"aba853e\" data-element_type=\"widget\" data-e-type=\"widget\" data-settings=\"{&quot;youtube_url&quot;:&quot;https:\\\/\\\/youtu.be\\\/CByeFf6PYL4&quot;,&quot;show_image_overlay&quot;:&quot;yes&quot;,&quot;image_overlay&quot;:{&quot;url&quot;:&quot;https:\\\/\\\/web.barbarahoeller.at\\\/salon\\\/wp-content\\\/uploads\\\/2022\\\/03\\\/video-info.jpg&quot;,&quot;id&quot;:3677,&quot;size&quot;:&quot;&quot;,&quot;alt&quot;:&quot;&quot;,&quot;source&quot;:&quot;library&quot;},&quot;video_type&quot;:&quot;youtube&quot;,&quot;controls&quot;:&quot;yes&quot;}\" data-widget_type=\"video.default\">\n\t\t\t\t<div class=\"elementor-widget-container\">\n\t\t\t\t\t\t\t<div class=\"elementor-wrapper elementor-open-inline\">\n\t\t\t<div class=\"elementor-video\"><\/div>\t\t\t\t<div class=\"elementor-custom-embed-image-overlay\" style=\"background-image: url(https:\/\/web.barbarahoeller.at\/salon2\/wp-content\/uploads\/2022\/03\/video-info.jpg);\">\n\t\t\t\t\t\t\t\t\t\t\t\t\t\t\t\t<div class=\"elementor-custom-embed-play\" role=\"button\" aria-label=\"Video abspielen\" tabindex=\"0\">\n\t\t\t\t\t\t\t<i aria-hidden=\"true\" class=\"eicon-play\"><\/i>\t\t\t\t\t\t<\/div>\n\t\t\t\t\t\t\t\t\t<\/div>\n\t\t\t\t\t<\/div>\n\t\t\t\t\t\t<\/div>\n\t\t\t\t<\/div>\n\t\t\t\t\t<\/div>\n\t\t<\/div>\n\t\t\t\t\t<\/div>\n\t\t<\/section>\n\t\t\t\t\t<\/div>\n\t\t<\/div>\n\t\t\t\t\t<\/div>\n\t\t<\/section>\n\t\t\t\t<\/div>\n\t\t","protected":false},"excerpt":{"rendered":"<p>Die n\u00e4chste Infoveranstaltung findet am 17. 03 2022 nach M\u00f6glichkeit virtuell statt. Alternativ dazu, wenn erforderlich aber auch in der Lange Gasse 30, 3 OG., 1080 Wien.<\/p>\n","protected":false},"author":1,"featured_media":0,"comment_status":"closed","ping_status":"open","sticky":false,"template":"","format":"standard","meta":{"footnotes":""},"categories":[3],"tags":[6],"class_list":["post-3621","post","type-post","status-publish","format-standard","hentry","category-event","tag-event"],"_links":{"self":[{"href":"https:\/\/web.barbarahoeller.at\/salon2\/wp-json\/wp\/v2\/posts\/3621","targetHints":{"allow":["GET"]}}],"collection":[{"href":"https:\/\/web.barbarahoeller.at\/salon2\/wp-json\/wp\/v2\/posts"}],"about":[{"href":"https:\/\/web.barbarahoeller.at\/salon2\/wp-json\/wp\/v2\/types\/post"}],"author":[{"embeddable":true,"href":"https:\/\/web.barbarahoeller.at\/salon2\/wp-json\/wp\/v2\/users\/1"}],"replies":[{"embeddable":true,"href":"https:\/\/web.barbarahoeller.at\/salon2\/wp-json\/wp\/v2\/comments?post=3621"}],"version-history":[{"count":0,"href":"https:\/\/web.barbarahoeller.at\/salon2\/wp-json\/wp\/v2\/posts\/3621\/revisions"}],"wp:attachment":[{"href":"https:\/\/web.barbarahoeller.at\/salon2\/wp-json\/wp\/v2\/media?parent=3621"}],"wp:term":[{"taxonomy":"category","embeddable":true,"href":"https:\/\/web.barbarahoeller.at\/salon2\/wp-json\/wp\/v2\/categories?post=3621"},{"taxonomy":"post_tag","embeddable":true,"href":"https:\/\/web.barbarahoeller.at\/salon2\/wp-json\/wp\/v2\/tags?post=3621"}],"curies":[{"name":"wp","href":"https:\/\/api.w.org\/{rel}","templated":true}]}}