{"id":3800,"date":"2022-03-13T17:35:28","date_gmt":"2022-03-13T17:35:28","guid":{"rendered":"https:\/\/web.barbarahoeller.at\/salon\/?p=3800"},"modified":"2022-03-13T17:35:28","modified_gmt":"2022-03-13T17:35:28","slug":"kreativwerkstatt-sucht","status":"publish","type":"post","link":"https:\/\/web.barbarahoeller.at\/salon2\/2022\/03\/13\/kreativwerkstatt-sucht\/","title":{"rendered":"Kreativwerkstatt sucht"},"content":{"rendered":"\t\t<div data-elementor-type=\"wp-post\" data-elementor-id=\"3800\" class=\"elementor elementor-3800\">\n\t\t\t\t\t\t<section class=\"elementor-section elementor-top-section elementor-element elementor-element-69d8697 elementor-section-boxed elementor-section-height-default elementor-section-height-default\" data-id=\"69d8697\" data-element_type=\"section\" data-e-type=\"section\">\n\t\t\t\t\t\t<div class=\"elementor-container elementor-column-gap-default\">\n\t\t\t\t\t<div class=\"elementor-column elementor-col-100 elementor-top-column elementor-element elementor-element-18467b7\" data-id=\"18467b7\" data-element_type=\"column\" data-e-type=\"column\">\n\t\t\t<div class=\"elementor-widget-wrap elementor-element-populated\">\n\t\t\t\t\t\t<div class=\"elementor-element elementor-element-e5f4c34 elementor-widget elementor-widget-text-editor\" data-id=\"e5f4c34\" data-element_type=\"widget\" data-e-type=\"widget\" data-widget_type=\"text-editor.default\">\n\t\t\t\t<div class=\"elementor-widget-container\">\n\t\t\t\t\t\t\t\t\t<div class=\"featherlight-inner\"><h3>Kreativwerkstatt im 8en sucht handwerklich kompetente &amp; teamorientierte Vollzeitmitarbeiter*in<\/h3><hr \/><p>Wir, die Kreativwerkstatt im 8en, \u2013 Tagesstruktureinrichtung des Vereins \u201eHumanisierte Arbeitsst\u00e4tte\u201c f\u00fcr Menschen mit Behinderung- suchen eine engagierte, handwerklich kompetente und teamorientierte Vollzeitmitarbeiter*in .<\/p><p>Dein T\u00e4tigkeitsfeld:<br \/>Leitung der 6-7 k\u00f6pfigen Arbeitsgruppe \u201eGlasfusing\u201c<br \/>Selbstst\u00e4ndige Organisation des Fachbereiches<br \/>Entwicklung u. Herstellung verkaufsf\u00e4higer Glasfusingprodukte<br \/>Vorbereitung und Leitung von Teambesprechungen<br \/>Praktikumsbetreuung u. klientenbezogene Verlaufsdokumentation<\/p><p>Du arbeitest gerne mit und f\u00fcr Menschen und verf\u00fcgst \u00fcber<br \/>Eine abgeschlossene t\u00e4tigkeitsrelevante p\u00e4dagogische od. psychologische Ausbildung<br \/>Einen ergebnisorientierten Arbeitsstil<br \/>Die Entwicklung von neuem Design und Produkten<br \/>Offenheit f\u00fcr Menschen und Ideen<br \/>Erfahrung mit dem Material Glas ist erw\u00fcnscht aber keine Bedingung<\/p><p>Neben einem netten multiprofessionellen Team erwarten dich<br \/>Ein vielf\u00e4ltiges T\u00e4tigkeitsfeld mit Gestaltungsm\u00f6glichkeiten<br \/>Eine famili\u00e4re Atmosph\u00e4re und begeisterungsf\u00e4hige Klient*innen<br \/>Einschulung und Fortbildungsm\u00f6glichkeiten<br \/>Ein 37 Stunden Job mit einem Mindestgehalt von \u20ac 2.278,30 (SW\u00d6 \u2013 KV\/6).<br \/>Vordienstzeiten sind laut KV bis max. 10 Dienstjahren anrechenbar.<\/p><p>Anstellungsbeginn: April 2022<\/p><p>Den Lebenslauf (mit Foto) und kurzem Motivationsschreiben bitte an Fr. Mag. Sabine Fenzl \u2013 <a href=\"mailto:sabine.fenzl@humanisierte.at\">sabine.fenzl@humanisierte.at<\/a> senden. Ende der Bewerbungsfrist ist der 21.3. 2022<\/p><p>Verein Humanisierte Arbeitsst\u00e4tte<br \/>Kreativwerkstatt im 8en<br \/>z.H. Mag. Sabine Fenzl<br \/>1080, Pfeilgasse 35<br \/>Tel.: 408-76-26-13<\/p><\/div>\t\t\t\t\t\t\t\t<\/div>\n\t\t\t\t<\/div>\n\t\t\t\t\t<\/div>\n\t\t<\/div>\n\t\t\t\t\t<\/div>\n\t\t<\/section>\n\t\t\t\t<\/div>\n\t\t","protected":false},"excerpt":{"rendered":"<p>Kreativwerkstatt im 8en sucht handwerklich kompetente &amp; teamorientierte Vollzeitmitarbeiter*in Wir, die Kreativwerkstatt im 8en, \u2013 Tagesstruktureinrichtung des Vereins \u201eHumanisierte Arbeitsst\u00e4tte\u201c f\u00fcr Menschen mit Behinderung- suchen eine engagierte, handwerklich kompetente und teamorientierte Vollzeitmitarbeiter*in . Dein T\u00e4tigkeitsfeld: Leitung der 6-7 k\u00f6pfigen Arbeitsgruppe \u201eGlasfusing\u201c Selbstst\u00e4ndige Organisation des Fachbereiches Entwicklung u. Herstellung verkaufsf\u00e4higer Glasfusingprodukte Vorbereitung und Leitung von Teambesprechungen [&hellip;]<\/p>\n","protected":false},"author":1,"featured_media":3805,"comment_status":"closed","ping_status":"open","sticky":false,"template":"","format":"standard","meta":{"footnotes":""},"categories":[5],"tags":[],"class_list":["post-3800","post","type-post","status-publish","format-standard","has-post-thumbnail","hentry","category-jobs"],"_links":{"self":[{"href":"https:\/\/web.barbarahoeller.at\/salon2\/wp-json\/wp\/v2\/posts\/3800","targetHints":{"allow":["GET"]}}],"collection":[{"href":"https:\/\/web.barbarahoeller.at\/salon2\/wp-json\/wp\/v2\/posts"}],"about":[{"href":"https:\/\/web.barbarahoeller.at\/salon2\/wp-json\/wp\/v2\/types\/post"}],"author":[{"embeddable":true,"href":"https:\/\/web.barbarahoeller.at\/salon2\/wp-json\/wp\/v2\/users\/1"}],"replies":[{"embeddable":true,"href":"https:\/\/web.barbarahoeller.at\/salon2\/wp-json\/wp\/v2\/comments?post=3800"}],"version-history":[{"count":0,"href":"https:\/\/web.barbarahoeller.at\/salon2\/wp-json\/wp\/v2\/posts\/3800\/revisions"}],"wp:featuredmedia":[{"embeddable":true,"href":"https:\/\/web.barbarahoeller.at\/salon2\/wp-json\/wp\/v2\/media\/3805"}],"wp:attachment":[{"href":"https:\/\/web.barbarahoeller.at\/salon2\/wp-json\/wp\/v2\/media?parent=3800"}],"wp:term":[{"taxonomy":"category","embeddable":true,"href":"https:\/\/web.barbarahoeller.at\/salon2\/wp-json\/wp\/v2\/categories?post=3800"},{"taxonomy":"post_tag","embeddable":true,"href":"https:\/\/web.barbarahoeller.at\/salon2\/wp-json\/wp\/v2\/tags?post=3800"}],"curies":[{"name":"wp","href":"https:\/\/api.w.org\/{rel}","templated":true}]}}