{"id":3818,"date":"2022-03-13T18:00:38","date_gmt":"2022-03-13T18:00:38","guid":{"rendered":"https:\/\/web.barbarahoeller.at\/salon\/?p=3818"},"modified":"2022-03-13T18:00:38","modified_gmt":"2022-03-13T18:00:38","slug":"arbeitstrainerin-gesucht","status":"publish","type":"post","link":"https:\/\/web.barbarahoeller.at\/salon2\/2022\/03\/13\/arbeitstrainerin-gesucht\/","title":{"rendered":"Arbeitstrainer*in gesucht"},"content":{"rendered":"\t\t<div data-elementor-type=\"wp-post\" data-elementor-id=\"3818\" class=\"elementor elementor-3818\">\n\t\t\t\t\t\t<section class=\"elementor-section elementor-top-section elementor-element elementor-element-69d8697 elementor-section-boxed elementor-section-height-default elementor-section-height-default\" data-id=\"69d8697\" data-element_type=\"section\" data-e-type=\"section\">\n\t\t\t\t\t\t<div class=\"elementor-container elementor-column-gap-default\">\n\t\t\t\t\t<div class=\"elementor-column elementor-col-100 elementor-top-column elementor-element elementor-element-18467b7\" data-id=\"18467b7\" data-element_type=\"column\" data-e-type=\"column\">\n\t\t\t<div class=\"elementor-widget-wrap elementor-element-populated\">\n\t\t\t\t\t\t<div class=\"elementor-element elementor-element-e5f4c34 elementor-widget elementor-widget-text-editor\" data-id=\"e5f4c34\" data-element_type=\"widget\" data-e-type=\"widget\" data-widget_type=\"text-editor.default\">\n\t\t\t\t<div class=\"elementor-widget-container\">\n\t\t\t\t\t\t\t\t\t<div class=\"featherlight-inner\"><h3>Arbeitstrainer*in f\u00fcr Lager &amp; Transport im Projekt unik.at gesucht<\/h3><hr \/><p>Wir suchen:<br \/>Eine\/n Arbeitstrainer*in f\u00fcr den Bereich Lager und Transport f\u00fcr 34 Wochenstunden ab M\u00e4rz 2022 f\u00fcr das Berufsintegrations-Projekt unik.at \u00fcber die Jobinitiative 50+<\/p><p>Aufgaben:<br \/>\u2013 Einschulung und Betreuung unserer Projektteilnehmer*innen (unsere Teilnehmer*innen haben alle einen Grad der Behinderung von mind. 50% und sind arbeitssuchend)<br \/>\u2013 Lagerverwaltung der hauseigenen Kunsthandwerksprodukte<br \/>\u2013 Lagerverwaltung in eigener Datenbank (BMD Kenntnisse von Vorteil)<br \/>\u2013 Transporte intern und extern<\/p><p>Anforderungen:<br \/>\u2013 Alter: 50+ und f\u00f6rderbar \u00fcber die Job Initiative 50+ von WAFF und Stadt Wien<br \/>\u2013 Abgeschlossene Berufsausbildung<br \/>\u2013 Vorerfahrung im psychosozialen bzw. kaufm\u00e4nnischen Bereich<br \/>\u2013 alleinige Lagerverantwortung<br \/>\u2013 Interesse an der Arbeit mit Menschen<br \/>\u2013 Interesse an Lagerarbeiten<br \/>\u2013 Affinit\u00e4t zu Zahlen<br \/>\u2013 Flexibilit\u00e4t und Vielseitigkeit<br \/>\u2013 Zuverl\u00e4ssigkeit<br \/>\u2013 F\u00fchrerschein B<\/p><p>Wir bieten:<br \/>\u2013 Entlohnung: Einstufung mindestens nach SW\u00d6 7\/1 \u2013 f\u00fcr 34 Wostd.<br \/>\u2013 \u20ac 2.245,19 brutto.<br \/>\u2013 Arbeiten in einem netten famili\u00e4ren Team<br \/>\u2013 Supervision<br \/>\u2013 Fortbildung<\/p><p>Verbindliche Infoveranstaltung am 15.3.2022 um 10.00<\/p><p>Bitte schicken Sie Ihre Bewerbung mit Lebenslauf und Foto bis sp\u00e4testens 11.3.2022 an:<br \/><a href=\"mailto:karin.beisteiner@unik.at\">karin.beisteiner@unik.at<\/a><\/p><p>Wir freuen uns auf Ihre Bewerbung!<\/p><\/div>\t\t\t\t\t\t\t\t<\/div>\n\t\t\t\t<\/div>\n\t\t\t\t\t<\/div>\n\t\t<\/div>\n\t\t\t\t\t<\/div>\n\t\t<\/section>\n\t\t\t\t<\/div>\n\t\t","protected":false},"excerpt":{"rendered":"<p>Arbeitstrainer*in f\u00fcr Lager &amp; Transport im Projekt unik.at gesucht Wir suchen:Eine\/n Arbeitstrainer*in f\u00fcr den Bereich Lager und Transport f\u00fcr 34 Wochenstunden ab M\u00e4rz 2022 f\u00fcr das Berufsintegrations-Projekt unik.at \u00fcber die Jobinitiative 50+ Aufgaben:\u2013 Einschulung und Betreuung unserer Projektteilnehmer*innen (unsere Teilnehmer*innen haben alle einen Grad der Behinderung von mind. 50% und sind arbeitssuchend)\u2013 Lagerverwaltung der hauseigenen [&hellip;]<\/p>\n","protected":false},"author":1,"featured_media":3819,"comment_status":"closed","ping_status":"open","sticky":false,"template":"","format":"standard","meta":{"footnotes":""},"categories":[5],"tags":[],"class_list":["post-3818","post","type-post","status-publish","format-standard","has-post-thumbnail","hentry","category-jobs"],"_links":{"self":[{"href":"https:\/\/web.barbarahoeller.at\/salon2\/wp-json\/wp\/v2\/posts\/3818","targetHints":{"allow":["GET"]}}],"collection":[{"href":"https:\/\/web.barbarahoeller.at\/salon2\/wp-json\/wp\/v2\/posts"}],"about":[{"href":"https:\/\/web.barbarahoeller.at\/salon2\/wp-json\/wp\/v2\/types\/post"}],"author":[{"embeddable":true,"href":"https:\/\/web.barbarahoeller.at\/salon2\/wp-json\/wp\/v2\/users\/1"}],"replies":[{"embeddable":true,"href":"https:\/\/web.barbarahoeller.at\/salon2\/wp-json\/wp\/v2\/comments?post=3818"}],"version-history":[{"count":0,"href":"https:\/\/web.barbarahoeller.at\/salon2\/wp-json\/wp\/v2\/posts\/3818\/revisions"}],"wp:featuredmedia":[{"embeddable":true,"href":"https:\/\/web.barbarahoeller.at\/salon2\/wp-json\/wp\/v2\/media\/3819"}],"wp:attachment":[{"href":"https:\/\/web.barbarahoeller.at\/salon2\/wp-json\/wp\/v2\/media?parent=3818"}],"wp:term":[{"taxonomy":"category","embeddable":true,"href":"https:\/\/web.barbarahoeller.at\/salon2\/wp-json\/wp\/v2\/categories?post=3818"},{"taxonomy":"post_tag","embeddable":true,"href":"https:\/\/web.barbarahoeller.at\/salon2\/wp-json\/wp\/v2\/tags?post=3818"}],"curies":[{"name":"wp","href":"https:\/\/api.w.org\/{rel}","templated":true}]}}