{"id":4174,"date":"2022-03-22T18:19:07","date_gmt":"2022-03-22T18:19:07","guid":{"rendered":"https:\/\/web.barbarahoeller.at\/salon\/?p=4174"},"modified":"2022-03-22T18:19:07","modified_gmt":"2022-03-22T18:19:07","slug":"infoveranstaltung-am-5-4-2022","status":"publish","type":"post","link":"https:\/\/web.barbarahoeller.at\/salon2\/2022\/03\/22\/infoveranstaltung-am-5-4-2022\/","title":{"rendered":"Infoveranstaltung am 5.4.2022"},"content":{"rendered":"\t\t<div data-elementor-type=\"wp-post\" data-elementor-id=\"4174\" class=\"elementor elementor-4174\">\n\t\t\t\t\t\t<section class=\"elementor-section elementor-top-section elementor-element elementor-element-1b97029 elementor-section-content-top elementor-section-boxed elementor-section-height-default elementor-section-height-default\" data-id=\"1b97029\" data-element_type=\"section\" data-e-type=\"section\" data-settings=\"{&quot;background_background&quot;:&quot;classic&quot;}\">\n\t\t\t\t\t\t<div class=\"elementor-container elementor-column-gap-default\">\n\t\t\t\t\t<div class=\"elementor-column elementor-col-100 elementor-top-column elementor-element elementor-element-6c8c2c8\" data-id=\"6c8c2c8\" data-element_type=\"column\" data-e-type=\"column\">\n\t\t\t<div class=\"elementor-widget-wrap elementor-element-populated\">\n\t\t\t\t\t\t<section class=\"elementor-section elementor-inner-section elementor-element elementor-element-9ac580f elementor-section-full_width elementor-section-height-default elementor-section-height-default\" data-id=\"9ac580f\" data-element_type=\"section\" data-e-type=\"section\">\n\t\t\t\t\t\t<div class=\"elementor-container elementor-column-gap-default\">\n\t\t\t\t\t<div class=\"elementor-column elementor-col-25 elementor-inner-column elementor-element elementor-element-6daa481\" data-id=\"6daa481\" data-element_type=\"column\" data-e-type=\"column\" data-settings=\"{&quot;background_background&quot;:&quot;classic&quot;}\">\n\t\t\t<div class=\"elementor-widget-wrap elementor-element-populated\">\n\t\t\t\t\t\t<div class=\"elementor-element elementor-element-a803f58 elementor-grid-1 elementor-posts--thumbnail-none elementor-grid-tablet-2 elementor-grid-mobile-1 elementor-card-shadow-yes elementor-posts__hover-gradient elementor-widget elementor-widget-posts\" data-id=\"a803f58\" data-element_type=\"widget\" data-e-type=\"widget\" data-settings=\"{&quot;cards_columns&quot;:&quot;1&quot;,&quot;cards_row_gap&quot;:{&quot;unit&quot;:&quot;px&quot;,&quot;size&quot;:2,&quot;sizes&quot;:[]},&quot;cards_columns_tablet&quot;:&quot;2&quot;,&quot;cards_columns_mobile&quot;:&quot;1&quot;,&quot;cards_row_gap_tablet&quot;:{&quot;unit&quot;:&quot;px&quot;,&quot;size&quot;:&quot;&quot;,&quot;sizes&quot;:[]},&quot;cards_row_gap_mobile&quot;:{&quot;unit&quot;:&quot;px&quot;,&quot;size&quot;:&quot;&quot;,&quot;sizes&quot;:[]}}\" data-widget_type=\"posts.cards\">\n\t\t\t\t<div class=\"elementor-widget-container\">\n\t\t\t\t\t\t\t<div class=\"elementor-posts-container elementor-posts elementor-posts--skin-cards elementor-grid\">\n\t\t\t\t<article class=\"elementor-post elementor-grid-item post-6475 post type-post status-publish format-standard has-post-thumbnail hentry category-jobs\">\n\t\t\t<div class=\"elementor-post__card\">\n\t\t\t\t<div class=\"elementor-post__text\">\n\t\t\t\t<h3 class=\"elementor-post__title\">\n\t\t\t<a href=\"https:\/\/web.barbarahoeller.at\/salon2\/2022\/09\/25\/mentorix-sucht-unterstuetzung\/\" >\n\t\t\t\tMentorix sucht Unterst\u00fctzung\t\t\t<\/a>\n\t\t<\/h3>\n\t\t\t\t<\/div>\n\t\t\t\t\t<\/div>\n\t\t<\/article>\n\t\t\t\t<article class=\"elementor-post elementor-grid-item post-4751 post type-post status-publish format-standard has-post-thumbnail hentry category-intern tag-intern\">\n\t\t\t<div class=\"elementor-post__card\">\n\t\t\t\t<div class=\"elementor-post__text\">\n\t\t\t\t<h3 class=\"elementor-post__title\">\n\t\t\t<a href=\"https:\/\/web.barbarahoeller.at\/salon2\/2022\/04\/27\/infoveranstaltung-am-27-4-2022\/\" >\n\t\t\t\tInfoveranstaltung am 27.4.2022\t\t\t<\/a>\n\t\t<\/h3>\n\t\t\t\t<\/div>\n\t\t\t\t\t<\/div>\n\t\t<\/article>\n\t\t\t\t<article class=\"elementor-post elementor-grid-item post-4174 post type-post status-publish format-standard hentry category-intern\">\n\t\t\t<div class=\"elementor-post__card\">\n\t\t\t\t<div class=\"elementor-post__text\">\n\t\t\t\t<h3 class=\"elementor-post__title\">\n\t\t\t<a href=\"https:\/\/web.barbarahoeller.at\/salon2\/2022\/03\/22\/infoveranstaltung-am-5-4-2022\/\" >\n\t\t\t\tInfoveranstaltung am 5.4.2022\t\t\t<\/a>\n\t\t<\/h3>\n\t\t\t\t<\/div>\n\t\t\t\t\t<\/div>\n\t\t<\/article>\n\t\t\t\t<article class=\"elementor-post elementor-grid-item post-3818 post type-post status-publish format-standard has-post-thumbnail hentry category-jobs\">\n\t\t\t<div class=\"elementor-post__card\">\n\t\t\t\t<div class=\"elementor-post__text\">\n\t\t\t\t<h3 class=\"elementor-post__title\">\n\t\t\t<a href=\"https:\/\/web.barbarahoeller.at\/salon2\/2022\/03\/13\/arbeitstrainerin-gesucht\/\" >\n\t\t\t\tArbeitstrainer*in gesucht\t\t\t<\/a>\n\t\t<\/h3>\n\t\t\t\t<\/div>\n\t\t\t\t\t<\/div>\n\t\t<\/article>\n\t\t\t\t<article class=\"elementor-post elementor-grid-item post-3800 post type-post status-publish format-standard has-post-thumbnail hentry category-jobs\">\n\t\t\t<div class=\"elementor-post__card\">\n\t\t\t\t<div class=\"elementor-post__text\">\n\t\t\t\t<h3 class=\"elementor-post__title\">\n\t\t\t<a href=\"https:\/\/web.barbarahoeller.at\/salon2\/2022\/03\/13\/kreativwerkstatt-sucht\/\" >\n\t\t\t\tKreativwerkstatt sucht\t\t\t<\/a>\n\t\t<\/h3>\n\t\t\t\t<\/div>\n\t\t\t\t\t<\/div>\n\t\t<\/article>\n\t\t\t\t<article class=\"elementor-post elementor-grid-item post-3621 post type-post status-publish format-standard hentry category-event tag-event\">\n\t\t\t<div class=\"elementor-post__card\">\n\t\t\t\t<div class=\"elementor-post__text\">\n\t\t\t\t<h3 class=\"elementor-post__title\">\n\t\t\t<a href=\"https:\/\/web.barbarahoeller.at\/salon2\/2022\/03\/05\/infoveranstaltung-am-17-3-2022\/\" >\n\t\t\t\tInfoveranstaltung am 17.3.2022\t\t\t<\/a>\n\t\t<\/h3>\n\t\t\t\t<\/div>\n\t\t\t\t\t<\/div>\n\t\t<\/article>\n\t\t\t\t<\/div>\n\t\t\n\t\t\t\t\t\t<\/div>\n\t\t\t\t<\/div>\n\t\t\t\t\t<\/div>\n\t\t<\/div>\n\t\t\t\t<div class=\"elementor-column elementor-col-25 elementor-inner-column elementor-element elementor-element-949518a\" data-id=\"949518a\" data-element_type=\"column\" data-e-type=\"column\" data-settings=\"{&quot;background_background&quot;:&quot;classic&quot;}\">\n\t\t\t<div class=\"elementor-widget-wrap elementor-element-populated\">\n\t\t\t\t\t\t<div class=\"elementor-element elementor-element-cbbed20 elementor-widget elementor-widget-text-editor\" data-id=\"cbbed20\" data-element_type=\"widget\" data-e-type=\"widget\" data-widget_type=\"text-editor.default\">\n\t\t\t\t<div class=\"elementor-widget-container\">\n\t\t\t\t\t\t\t\t\t<div class=\"datetime\"><h3>5.4.2022<br \/>von 9:00 bis 12:00<br \/>bzw Einzeltermine<\/h3><\/div><div class=\"location\"><p><strong>ORT: virtuell \/ und\/oder Lange Gasse 30, 3.OG, 1080 Wien<\/strong><\/p><\/div>\t\t\t\t\t\t\t\t<\/div>\n\t\t\t\t<\/div>\n\t\t\t\t\t<\/div>\n\t\t<\/div>\n\t\t\t\t<div class=\"elementor-column elementor-col-25 elementor-inner-column elementor-element elementor-element-74b1109\" data-id=\"74b1109\" data-element_type=\"column\" data-e-type=\"column\" data-settings=\"{&quot;background_background&quot;:&quot;classic&quot;}\">\n\t\t\t<div class=\"elementor-widget-wrap elementor-element-populated\">\n\t\t\t\t\t\t<div class=\"elementor-element elementor-element-922665b elementor-widget elementor-widget-text-editor\" data-id=\"922665b\" data-element_type=\"widget\" data-e-type=\"widget\" data-widget_type=\"text-editor.default\">\n\t\t\t\t<div class=\"elementor-widget-container\">\n\t\t\t\t\t\t\t\t\t<p>Die n\u00e4chste Infoveranstaltung findet am 17. 03 2022 nach M\u00f6glichkeit virtuell statt. Alternativ dazu, wenn erforderlich aber auch in der Lange Gasse 30, 3 OG., 1080 Wien. Gerne k\u00f6nnen Sie sich aber auch schon telefonisch \u00fcber eine Teilnahme an unserer Kursma\u00dfnahme erkundigen und sich so fr\u00fchzeitig eine Teilnahme an der Infoveranstaltung sichern. Wir freuen uns auf ihren Anruf ! T 01 406 50 33<\/p><p>Mehr zu unserem Kurs:<\/p>\t\t\t\t\t\t\t\t<\/div>\n\t\t\t\t<\/div>\n\t\t\t\t<div class=\"elementor-element elementor-element-fc49823 elementor-widget elementor-widget-text-editor\" data-id=\"fc49823\" data-element_type=\"widget\" data-e-type=\"widget\" data-widget_type=\"text-editor.default\">\n\t\t\t\t<div class=\"elementor-widget-container\">\n\t\t\t\t\t\t\t\t\t<p>Bitte um Beachtung: Die Infoveranstaltung wird unter der Einhaltung der Corona 3 G-Regel durchgef\u00fchrt.<\/p><p>Aufgrund der derzeitigen Covid 19 Ma\u00dfnahmen ist telefonische Terminvereinbarung unbedingt erforderlich.<\/p><p>Telefon 01 406 50 33 <br \/>Wir freuen uns auf Ihren Anruf!<\/p>\t\t\t\t\t\t\t\t<\/div>\n\t\t\t\t<\/div>\n\t\t\t\t\t<\/div>\n\t\t<\/div>\n\t\t\t\t<div class=\"elementor-column elementor-col-25 elementor-inner-column elementor-element elementor-element-c3793fb\" data-id=\"c3793fb\" data-element_type=\"column\" data-e-type=\"column\" data-settings=\"{&quot;background_background&quot;:&quot;classic&quot;}\">\n\t\t\t<div class=\"elementor-widget-wrap elementor-element-populated\">\n\t\t\t\t\t\t<div class=\"elementor-element elementor-element-ed408a8 elementor-widget elementor-widget-text-editor\" data-id=\"ed408a8\" data-element_type=\"widget\" data-e-type=\"widget\" data-widget_type=\"text-editor.default\">\n\t\t\t\t<div class=\"elementor-widget-container\">\n\t\t\t\t\t\t\t\t\t<p>Mehr zu unserem Kurs:<\/p>\t\t\t\t\t\t\t\t<\/div>\n\t\t\t\t<\/div>\n\t\t\t\t<div class=\"elementor-element elementor-element-aba853e elementor-widget elementor-widget-video\" data-id=\"aba853e\" data-element_type=\"widget\" data-e-type=\"widget\" data-settings=\"{&quot;youtube_url&quot;:&quot;https:\\\/\\\/youtu.be\\\/CByeFf6PYL4&quot;,&quot;show_image_overlay&quot;:&quot;yes&quot;,&quot;image_overlay&quot;:{&quot;url&quot;:&quot;https:\\\/\\\/web.barbarahoeller.at\\\/salon\\\/wp-content\\\/uploads\\\/2022\\\/03\\\/video-info.jpg&quot;,&quot;id&quot;:3677,&quot;size&quot;:&quot;&quot;,&quot;alt&quot;:&quot;&quot;,&quot;source&quot;:&quot;library&quot;},&quot;video_type&quot;:&quot;youtube&quot;,&quot;controls&quot;:&quot;yes&quot;}\" data-widget_type=\"video.default\">\n\t\t\t\t<div class=\"elementor-widget-container\">\n\t\t\t\t\t\t\t<div class=\"elementor-wrapper elementor-open-inline\">\n\t\t\t<div class=\"elementor-video\"><\/div>\t\t\t\t<div class=\"elementor-custom-embed-image-overlay\" style=\"background-image: url(https:\/\/web.barbarahoeller.at\/salon2\/wp-content\/uploads\/2022\/03\/video-info.jpg);\">\n\t\t\t\t\t\t\t\t\t\t\t\t\t\t\t\t<div class=\"elementor-custom-embed-play\" role=\"button\" aria-label=\"Video abspielen\" tabindex=\"0\">\n\t\t\t\t\t\t\t<i aria-hidden=\"true\" class=\"eicon-play\"><\/i>\t\t\t\t\t\t<\/div>\n\t\t\t\t\t\t\t\t\t<\/div>\n\t\t\t\t\t<\/div>\n\t\t\t\t\t\t<\/div>\n\t\t\t\t<\/div>\n\t\t\t\t\t<\/div>\n\t\t<\/div>\n\t\t\t\t\t<\/div>\n\t\t<\/section>\n\t\t\t\t\t<\/div>\n\t\t<\/div>\n\t\t\t\t\t<\/div>\n\t\t<\/section>\n\t\t\t\t<\/div>\n\t\t","protected":false},"excerpt":{"rendered":"<p>Die n\u00e4chste Infoveranstaltung findet am 17. 03 2022 nach M\u00f6glichkeit virtuell statt. Alternativ dazu, wenn erforderlich aber auch in der Lange Gasse 30, 3 OG., 1080 Wien.<\/p>\n","protected":false},"author":1,"featured_media":0,"comment_status":"closed","ping_status":"open","sticky":false,"template":"","format":"standard","meta":{"footnotes":""},"categories":[4],"tags":[],"class_list":["post-4174","post","type-post","status-publish","format-standard","hentry","category-intern"],"_links":{"self":[{"href":"https:\/\/web.barbarahoeller.at\/salon2\/wp-json\/wp\/v2\/posts\/4174","targetHints":{"allow":["GET"]}}],"collection":[{"href":"https:\/\/web.barbarahoeller.at\/salon2\/wp-json\/wp\/v2\/posts"}],"about":[{"href":"https:\/\/web.barbarahoeller.at\/salon2\/wp-json\/wp\/v2\/types\/post"}],"author":[{"embeddable":true,"href":"https:\/\/web.barbarahoeller.at\/salon2\/wp-json\/wp\/v2\/users\/1"}],"replies":[{"embeddable":true,"href":"https:\/\/web.barbarahoeller.at\/salon2\/wp-json\/wp\/v2\/comments?post=4174"}],"version-history":[{"count":0,"href":"https:\/\/web.barbarahoeller.at\/salon2\/wp-json\/wp\/v2\/posts\/4174\/revisions"}],"wp:attachment":[{"href":"https:\/\/web.barbarahoeller.at\/salon2\/wp-json\/wp\/v2\/media?parent=4174"}],"wp:term":[{"taxonomy":"category","embeddable":true,"href":"https:\/\/web.barbarahoeller.at\/salon2\/wp-json\/wp\/v2\/categories?post=4174"},{"taxonomy":"post_tag","embeddable":true,"href":"https:\/\/web.barbarahoeller.at\/salon2\/wp-json\/wp\/v2\/tags?post=4174"}],"curies":[{"name":"wp","href":"https:\/\/api.w.org\/{rel}","templated":true}]}}