{"id":6475,"date":"2022-09-25T18:31:52","date_gmt":"2022-09-25T16:31:52","guid":{"rendered":"https:\/\/web.barbarahoeller.at\/salon2\/?p=6475"},"modified":"2022-09-25T18:32:20","modified_gmt":"2022-09-25T16:32:20","slug":"mentorix-sucht-unterstuetzung","status":"publish","type":"post","link":"https:\/\/web.barbarahoeller.at\/salon2\/2022\/09\/25\/mentorix-sucht-unterstuetzung\/","title":{"rendered":"Mentorix sucht Unterst\u00fctzung"},"content":{"rendered":"\t\t<div data-elementor-type=\"wp-post\" data-elementor-id=\"6475\" class=\"elementor elementor-6475\">\n\t\t\t\t\t\t<section class=\"elementor-section elementor-top-section elementor-element elementor-element-69d8697 elementor-section-boxed elementor-section-height-default elementor-section-height-default\" data-id=\"69d8697\" data-element_type=\"section\" data-e-type=\"section\">\n\t\t\t\t\t\t<div class=\"elementor-container elementor-column-gap-default\">\n\t\t\t\t\t<div class=\"elementor-column elementor-col-100 elementor-top-column elementor-element elementor-element-18467b7\" data-id=\"18467b7\" data-element_type=\"column\" data-e-type=\"column\">\n\t\t\t<div class=\"elementor-widget-wrap elementor-element-populated\">\n\t\t\t\t\t\t<div class=\"elementor-element elementor-element-e5f4c34 elementor-widget elementor-widget-text-editor\" data-id=\"e5f4c34\" data-element_type=\"widget\" data-e-type=\"widget\" data-widget_type=\"text-editor.default\">\n\t\t\t\t<div class=\"elementor-widget-container\">\n\t\t\t\t\t\t\t\t\t<div class=\"featherlight-inner\"><h3><a class=\"elementor-accordion-title\" href=\"https:\/\/web.barbarahoeller.at\/salon2\/jobs-2\/\">Das Projekt Mentorix sucht f\u00fcr die hauseigene Cafeteria als Unterst\u00fctzung 1 engagierte Assistent*in.<\/a><\/h3><hr \/><div id=\"elementor-tab-content-1231\" class=\"elementor-tab-content elementor-clearfix elementor-active\" style=\"display: block;\" role=\"tabpanel\" data-tab=\"1\" aria-labelledby=\"elementor-tab-title-1231\"><p>Wir<br \/>sind ein Berufsintegrationsprojekt f\u00fcr Personen mit Behinderungen und<br \/>betreiben eine hausinterne Cafeteria mit Mittagstisch. Daf\u00fcr kommt eine<br \/>Stelle zur Besetzung.<\/p><p>Aufgaben:<br \/>\u2013 Zubereitung und Verkauf von Hei\u00df- und Kaltgetr\u00e4nken<br \/>\u2013 Zubereitung von Speisen mit Einkauf und Lagerhaltung<br \/>\u2013 Kassaabrechnung<br \/>\u2013 Assistenz der Arbeitstrainer:innen bei der Planung und Organisation<br \/>\u2013 Erstellen eines Wochenplans<br \/>\u2013 Hilfestellung und Einschulung f\u00fcr Menschen mit Behinderung<br \/>\u2013 Unterst\u00fctzung bei der Reinigung der K\u00fcchen,- und Speiser\u00e4ume<br \/>\u2013 Unterst\u00fctzung bei der Reinigung von B\u00fcror\u00e4umen und Gesch\u00e4ftslokalen<br \/>\u2013 Schulung im Umgang mit Reinigungsmitteln und Ger\u00e4tschaften<br \/>\u2013 Vermittlung von Hygienebewusstsein<\/p><p>Anforderungen:<br \/>\u2013 Freude am Umgang mit behinderten Personen<br \/>\u2013 p\u00e4dagogisches Geschick<br \/>\u2013 gutes Auftreten und ausgeglichene Pers\u00f6nlichkeit<br \/>\u2013 hohes Hygienebewusstsein<\/p><p>Wir bieten:<br \/>\u2013 Mitarbeit in einem engagierten Team<br \/>\u2013 ausreichende Einschulungszeit<br \/>\u2013 Dienstverh\u00e4ltnis im Ausma\u00df von 32 Wochenstunden<br \/>\u2013 Monatsbruttogehalt nach SW\u00d6 mindestens 1.876,80 f\u00fcr Vollzeit oder h\u00f6her<\/p><p>Unser<br \/>Stellenangebot richtet sich ausdr\u00fccklich an Personen \u00fcber 50 Jahre mit<br \/>einer Behinderung ab 50% GdB (Grad der Behinderung) bzw. 30% psych. GdB.<\/p><p>Bei Interesse senden Sie bitte ihre Bewerbung mit Lebenslauf und Foto an:<br \/><a href=\"mailto:gabriele.lang@mentorix.at\">gabriele.lang@mentorix.at<\/a><\/p><p>Wir freuen uns auf Ihre Bewerbung!<\/p><\/div><\/div>\t\t\t\t\t\t\t\t<\/div>\n\t\t\t\t<\/div>\n\t\t\t\t\t<\/div>\n\t\t<\/div>\n\t\t\t\t\t<\/div>\n\t\t<\/section>\n\t\t\t\t<\/div>\n\t\t","protected":false},"excerpt":{"rendered":"<p>Das Projekt Mentorix sucht f\u00fcr die hauseigene Cafeteria als Unterst\u00fctzung 1 engagierte Assistent*in. Wirsind ein Berufsintegrationsprojekt f\u00fcr Personen mit Behinderungen undbetreiben eine hausinterne Cafeteria mit Mittagstisch. Daf\u00fcr kommt eineStelle zur Besetzung. Aufgaben:\u2013 Zubereitung und Verkauf von Hei\u00df- und Kaltgetr\u00e4nken\u2013 Zubereitung von Speisen mit Einkauf und Lagerhaltung\u2013 Kassaabrechnung\u2013 Assistenz der Arbeitstrainer:innen bei der Planung und Organisation\u2013 [&hellip;]<\/p>\n","protected":false},"author":1,"featured_media":3805,"comment_status":"closed","ping_status":"open","sticky":false,"template":"","format":"standard","meta":{"footnotes":""},"categories":[5],"tags":[],"class_list":["post-6475","post","type-post","status-publish","format-standard","has-post-thumbnail","hentry","category-jobs"],"_links":{"self":[{"href":"https:\/\/web.barbarahoeller.at\/salon2\/wp-json\/wp\/v2\/posts\/6475","targetHints":{"allow":["GET"]}}],"collection":[{"href":"https:\/\/web.barbarahoeller.at\/salon2\/wp-json\/wp\/v2\/posts"}],"about":[{"href":"https:\/\/web.barbarahoeller.at\/salon2\/wp-json\/wp\/v2\/types\/post"}],"author":[{"embeddable":true,"href":"https:\/\/web.barbarahoeller.at\/salon2\/wp-json\/wp\/v2\/users\/1"}],"replies":[{"embeddable":true,"href":"https:\/\/web.barbarahoeller.at\/salon2\/wp-json\/wp\/v2\/comments?post=6475"}],"version-history":[{"count":4,"href":"https:\/\/web.barbarahoeller.at\/salon2\/wp-json\/wp\/v2\/posts\/6475\/revisions"}],"predecessor-version":[{"id":6479,"href":"https:\/\/web.barbarahoeller.at\/salon2\/wp-json\/wp\/v2\/posts\/6475\/revisions\/6479"}],"wp:featuredmedia":[{"embeddable":true,"href":"https:\/\/web.barbarahoeller.at\/salon2\/wp-json\/wp\/v2\/media\/3805"}],"wp:attachment":[{"href":"https:\/\/web.barbarahoeller.at\/salon2\/wp-json\/wp\/v2\/media?parent=6475"}],"wp:term":[{"taxonomy":"category","embeddable":true,"href":"https:\/\/web.barbarahoeller.at\/salon2\/wp-json\/wp\/v2\/categories?post=6475"},{"taxonomy":"post_tag","embeddable":true,"href":"https:\/\/web.barbarahoeller.at\/salon2\/wp-json\/wp\/v2\/tags?post=6475"}],"curies":[{"name":"wp","href":"https:\/\/api.w.org\/{rel}","templated":true}]}}